{"id":23755,"date":"2023-05-22T11:12:49","date_gmt":"2023-05-22T09:12:49","guid":{"rendered":"https:\/\/speakart.it\/?p=23755"},"modified":"2023-05-22T11:15:55","modified_gmt":"2023-05-22T09:15:55","slug":"golden-lion-for-the-brazilian-pavilion-at-the-biennale-architettura-2023","status":"publish","type":"post","link":"https:\/\/www.speakart.it\/en\/golden-lion-for-the-brazilian-pavilion-at-the-biennale-architettura-2023\/","title":{"rendered":"Golden Lion for the Brazilian Pavilion at the Biennale Architettura 2023"},"content":{"rendered":"<p>[et_pb_section bb_built=&#8221;1&#8243; _builder_version=&#8221;4.5.0&#8243; _module_preset=&#8221;default&#8221; custom_margin=&#8221;0px||0px||true|false&#8221; custom_padding=&#8221;0px||0px||true|false&#8221; hover_enabled=&#8221;0&#8243; next_background_color=&#8221;#000000&#8243;][et_pb_row _builder_version=&#8221;4.5.0&#8243; _module_preset=&#8221;default&#8221; use_custom_gutter=&#8221;on&#8221; gutter_width=&#8221;1&#8243; width=&#8221;100%&#8221; max_width=&#8221;100%&#8221; hover_enabled=&#8221;0&#8243; custom_margin=&#8221;0px||0px||true|false&#8221; custom_padding=&#8221;0px||0px||true|false&#8221;][et_pb_column type=&#8221;4_4&#8243; _builder_version=&#8221;4.5.0&#8243; _module_preset=&#8221;default&#8221;][et_pb_post_title _builder_version=&#8221;4.5.0&#8243; _module_preset=&#8221;default&#8221; meta=&#8221;off&#8221; featured_placement=&#8221;background&#8221; hover_enabled=&#8221;0&#8243; text_color=&#8221;light&#8221; text_orientation=&#8221;center&#8221; background_color=&#8221;rgba(0,0,0,0.5)&#8221; background_blend=&#8221;overlay&#8221; title_font=&#8221;|700|||||||&#8221; title_font_size=&#8221;50px&#8221; custom_padding=&#8221;|15%||15%|false|true&#8221; custom_padding_last_edited=&#8221;on|phone&#8221; custom_padding_tablet=&#8221;130px|10%|100px|10%|false|true&#8221; custom_padding_phone=&#8221;|5%||5%|false|true&#8221; title_font_size_last_edited=&#8221;on|tablet&#8221; title_font_size_phone=&#8221;32px&#8221; \/][\/et_pb_column][\/et_pb_row][\/et_pb_section][et_pb_section bb_built=&#8221;1&#8243; _builder_version=&#8221;4.5.0&#8243; _module_preset=&#8221;default&#8221; custom_padding=&#8221;100px||||false|false&#8221; custom_padding_last_edited=&#8221;on|tablet&#8221; hover_enabled=&#8221;0&#8243; custom_padding_tablet=&#8221;50px||||false|false&#8221; prev_background_color=&#8221;#000000&#8243;][et_pb_row _builder_version=&#8221;4.5.0&#8243; _module_preset=&#8221;default&#8221; width=&#8221;700px&#8221; module_alignment=&#8221;center&#8221; width_last_edited=&#8221;on|phone&#8221; hover_enabled=&#8221;0&#8243; width_tablet=&#8221;80%&#8221;][et_pb_column type=&#8221;4_4&#8243; _builder_version=&#8221;4.5.0&#8243; _module_preset=&#8221;default&#8221;][et_pb_text _builder_version=&#8221;4.7.7&#8243; _module_preset=&#8221;default&#8221; hover_enabled=&#8221;0&#8243; text_font=&#8221;|300|||||||&#8221; text_text_shadow_horizontal_length=&#8221;text_text_shadow_style,%91object Object%93&#8243; text_text_shadow_horizontal_length_tablet=&#8221;0px&#8221; text_text_shadow_vertical_length=&#8221;text_text_shadow_style,%91object Object%93&#8243; text_text_shadow_vertical_length_tablet=&#8221;0px&#8221; text_text_shadow_blur_strength=&#8221;text_text_shadow_style,%91object Object%93&#8243; text_text_shadow_blur_strength_tablet=&#8221;1px&#8221; link_text_shadow_horizontal_length=&#8221;link_text_shadow_style,%91object Object%93&#8243; link_text_shadow_horizontal_length_tablet=&#8221;0px&#8221; link_text_shadow_vertical_length=&#8221;link_text_shadow_style,%91object Object%93&#8243; link_text_shadow_vertical_length_tablet=&#8221;0px&#8221; link_text_shadow_blur_strength=&#8221;link_text_shadow_style,%91object Object%93&#8243; link_text_shadow_blur_strength_tablet=&#8221;1px&#8221; ul_text_shadow_horizontal_length=&#8221;ul_text_shadow_style,%91object Object%93&#8243; ul_text_shadow_horizontal_length_tablet=&#8221;0px&#8221; ul_text_shadow_vertical_length=&#8221;ul_text_shadow_style,%91object Object%93&#8243; ul_text_shadow_vertical_length_tablet=&#8221;0px&#8221; ul_text_shadow_blur_strength=&#8221;ul_text_shadow_style,%91object Object%93&#8243; ul_text_shadow_blur_strength_tablet=&#8221;1px&#8221; ol_text_shadow_horizontal_length=&#8221;ol_text_shadow_style,%91object Object%93&#8243; ol_text_shadow_horizontal_length_tablet=&#8221;0px&#8221; ol_text_shadow_vertical_length=&#8221;ol_text_shadow_style,%91object Object%93&#8243; ol_text_shadow_vertical_length_tablet=&#8221;0px&#8221; ol_text_shadow_blur_strength=&#8221;ol_text_shadow_style,%91object Object%93&#8243; ol_text_shadow_blur_strength_tablet=&#8221;1px&#8221; quote_text_shadow_horizontal_length=&#8221;quote_text_shadow_style,%91object Object%93&#8243; quote_text_shadow_horizontal_length_tablet=&#8221;0px&#8221; quote_text_shadow_vertical_length=&#8221;quote_text_shadow_style,%91object Object%93&#8243; quote_text_shadow_vertical_length_tablet=&#8221;0px&#8221; quote_text_shadow_blur_strength=&#8221;quote_text_shadow_style,%91object Object%93&#8243; quote_text_shadow_blur_strength_tablet=&#8221;1px&#8221; header_text_shadow_horizontal_length=&#8221;header_text_shadow_style,%91object Object%93&#8243; header_text_shadow_horizontal_length_tablet=&#8221;0px&#8221; header_text_shadow_vertical_length=&#8221;header_text_shadow_style,%91object Object%93&#8243; header_text_shadow_vertical_length_tablet=&#8221;0px&#8221; header_text_shadow_blur_strength=&#8221;header_text_shadow_style,%91object Object%93&#8243; header_text_shadow_blur_strength_tablet=&#8221;1px&#8221; header_2_text_shadow_horizontal_length=&#8221;header_2_text_shadow_style,%91object Object%93&#8243; header_2_text_shadow_horizontal_length_tablet=&#8221;0px&#8221; header_2_text_shadow_vertical_length=&#8221;header_2_text_shadow_style,%91object Object%93&#8243; header_2_text_shadow_vertical_length_tablet=&#8221;0px&#8221; header_2_text_shadow_blur_strength=&#8221;header_2_text_shadow_style,%91object Object%93&#8243; header_2_text_shadow_blur_strength_tablet=&#8221;1px&#8221; header_3_text_shadow_horizontal_length=&#8221;header_3_text_shadow_style,%91object Object%93&#8243; header_3_text_shadow_horizontal_length_tablet=&#8221;0px&#8221; header_3_text_shadow_vertical_length=&#8221;header_3_text_shadow_style,%91object Object%93&#8243; header_3_text_shadow_vertical_length_tablet=&#8221;0px&#8221; header_3_text_shadow_blur_strength=&#8221;header_3_text_shadow_style,%91object Object%93&#8243; header_3_text_shadow_blur_strength_tablet=&#8221;1px&#8221; header_4_text_shadow_horizontal_length=&#8221;header_4_text_shadow_style,%91object Object%93&#8243; header_4_text_shadow_horizontal_length_tablet=&#8221;0px&#8221; header_4_text_shadow_vertical_length=&#8221;header_4_text_shadow_style,%91object Object%93&#8243; header_4_text_shadow_vertical_length_tablet=&#8221;0px&#8221; header_4_text_shadow_blur_strength=&#8221;header_4_text_shadow_style,%91object Object%93&#8243; header_4_text_shadow_blur_strength_tablet=&#8221;1px&#8221; header_5_text_shadow_horizontal_length=&#8221;header_5_text_shadow_style,%91object Object%93&#8243; header_5_text_shadow_horizontal_length_tablet=&#8221;0px&#8221; header_5_text_shadow_vertical_length=&#8221;header_5_text_shadow_style,%91object Object%93&#8243; header_5_text_shadow_vertical_length_tablet=&#8221;0px&#8221; header_5_text_shadow_blur_strength=&#8221;header_5_text_shadow_style,%91object Object%93&#8243; header_5_text_shadow_blur_strength_tablet=&#8221;1px&#8221; header_6_text_shadow_horizontal_length=&#8221;header_6_text_shadow_style,%91object Object%93&#8243; header_6_text_shadow_horizontal_length_tablet=&#8221;0px&#8221; header_6_text_shadow_vertical_length=&#8221;header_6_text_shadow_style,%91object Object%93&#8243; header_6_text_shadow_vertical_length_tablet=&#8221;0px&#8221; header_6_text_shadow_blur_strength=&#8221;header_6_text_shadow_style,%91object Object%93&#8243; header_6_text_shadow_blur_strength_tablet=&#8221;1px&#8221; box_shadow_horizontal_tablet=&#8221;0px&#8221; box_shadow_vertical_tablet=&#8221;0px&#8221; box_shadow_blur_tablet=&#8221;40px&#8221; box_shadow_spread_tablet=&#8221;0px&#8221; vertical_offset_tablet=&#8221;0&#8243; horizontal_offset_tablet=&#8221;0&#8243; z_index_tablet=&#8221;0&#8243;]<\/p>\n<p class=\"p1\">Golden Lion for the Best National Participation at the 18. Biennale di Architettura in Venice for the project \u201cTerra (Earth)\u201d, presented at the national pavilion of Brazil by the curators Gabriela de Matos and Paulo Tavares.<span class=\"Apple-converted-space\">\u00a0<\/span><\/p>\n<p class=\"p1\">\u201cTerra\u201d explores how the past could inform the future, with a rereading of the national identity and indigenous and black population representation.<span class=\"Apple-converted-space\">\u00a0<\/span><\/p>\n<div id=\"attachment_23748\" style=\"width: 1546px\" class=\"wp-caption aligncenter\"><img loading=\"lazy\" decoding=\"async\" aria-describedby=\"caption-attachment-23748\" class=\"wp-image-23748 size-full\" src=\"https:\/\/www.speakart.it\/wp-content\/uploads\/2023\/05\/MDM_BR-Brazil-1159-1536x1093-1.jpg\" alt=\"\" width=\"1536\" height=\"1093\" srcset=\"https:\/\/www.speakart.it\/wp-content\/uploads\/2023\/05\/MDM_BR-Brazil-1159-1536x1093-1.jpg 1536w, https:\/\/www.speakart.it\/wp-content\/uploads\/2023\/05\/MDM_BR-Brazil-1159-1536x1093-1-1280x911.jpg 1280w, https:\/\/www.speakart.it\/wp-content\/uploads\/2023\/05\/MDM_BR-Brazil-1159-1536x1093-1-980x697.jpg 980w, https:\/\/www.speakart.it\/wp-content\/uploads\/2023\/05\/MDM_BR-Brazil-1159-1536x1093-1-480x342.jpg 480w\" sizes=\"(min-width: 0px) and (max-width: 480px) 480px, (min-width: 481px) and (max-width: 980px) 980px, (min-width: 981px) and (max-width: 1280px) 1280px, (min-width: 1281px) 1536px, 100vw\" \/><p id=\"caption-attachment-23748\" class=\"wp-caption-text\">&#8220;Terra&#8221;, 18. Mostra Internazionale di Architettura &#8211; La Biennale di Venezia, 2023<br \/>Photo by Matteo de Mayda<br \/>Courtesy La Biennale di Venezia<\/p><\/div>\n<p class=\"p1\">The installation takes into consideration the soil both as a poetic and concrete element in the exhibition space, to shape our comprehension of heritage and identity. Giving the public the possibility to be in direct contact with indigenous traditions, Quilombola dwellings and candombol\u00e9 ceremonies, the entire pavilion has been filled up with soil, symbolizing ground fertilizer and territory. The binding between anthropic and natural is represented in contemporary design forms, with a continuous reference to the traditional practices of Afro-Brasilian natives. The dirt recalls also extremely material aspects of Brazilian life, like belonging, farm, plantation, and family, taking also in consideration a broader and cosmic sense of the planet.<\/p>\n<p class=\"p1\">The pavilion is divided into two parts: the first gallery, called \u201cDecolonizzare il canone\u201d, questions the idea of Brasilia, the capital of Brazil, built \u201cin the middle of nowhere\u201d, which however hides the forced diaspora of indigenous and Quilombola inhabitants.<span class=\"Apple-converted-space\">\u00a0<\/span><\/p>\n<p class=\"p1\">The second gallery holds the projection of the video by Ayrson Heraclito \u201cThe Shaking of the Casa da Torre\u201d and \u201cThe Shaking of the Maison des Esclaves in Gor\u00e8e\u201d, filmed in 2015. This part of the installation has been entitled \u201cLuoghi di origine, archeologie del futuro\u201d, recalling concretely the title and theme of the Biennale, \u201cThe laboratory of the future\u201d.<\/p>\n<div id=\"attachment_23750\" style=\"width: 1210px\" class=\"wp-caption aligncenter\"><img loading=\"lazy\" decoding=\"async\" aria-describedby=\"caption-attachment-23750\" class=\"wp-image-23750 size-full\" src=\"https:\/\/www.speakart.it\/wp-content\/uploads\/2023\/05\/2-Gabriela-de-Matos-and-Paulo-Tavares-1200x820-1.jpeg\" alt=\"\" width=\"1200\" height=\"820\" srcset=\"https:\/\/www.speakart.it\/wp-content\/uploads\/2023\/05\/2-Gabriela-de-Matos-and-Paulo-Tavares-1200x820-1.jpeg 1200w, https:\/\/www.speakart.it\/wp-content\/uploads\/2023\/05\/2-Gabriela-de-Matos-and-Paulo-Tavares-1200x820-1-980x670.jpeg 980w, https:\/\/www.speakart.it\/wp-content\/uploads\/2023\/05\/2-Gabriela-de-Matos-and-Paulo-Tavares-1200x820-1-480x328.jpeg 480w\" sizes=\"(min-width: 0px) and (max-width: 480px) 480px, (min-width: 481px) and (max-width: 980px) 980px, (min-width: 981px) 1200px, 100vw\" \/><p id=\"caption-attachment-23750\" class=\"wp-caption-text\">Gabriela de Matos and Paulo Tavares, curators of Brazilian Pavillon at Biennale Architettura 2023 Photo by Levi Fanan and Diego Bresani Courtesy Funda\u00e7\u00e3o Bienal de S\u00e3o Paulo<\/p><\/div>\n<p class=\"p1\">Gabriela de Matos, Afro-Brasilian architect and town planner, promotes architectural and urban culture in her country from the point of view of race and gender. The architect, researcher and writer Paulo Tavares, using more than one medium, concentrates his work on environmental justice and on architectural counter-narratives.<span class=\"Apple-converted-space\">\u00a0<\/span><\/p>\n<p>[\/et_pb_text][\/et_pb_column][\/et_pb_row][et_pb_row _builder_version=&#8221;4.5.0&#8243; _module_preset=&#8221;default&#8221;][et_pb_column type=&#8221;4_4&#8243; _builder_version=&#8221;4.5.0&#8243; _module_preset=&#8221;default&#8221;][et_pb_button button_text=&#8221;Back to news&#8221; _builder_version=&#8221;4.5.0&#8243; _module_preset=&#8221;default&#8221; button_alignment=&#8221;center&#8221; custom_button=&#8221;on&#8221; button_text_size=&#8221;14px&#8221; button_text_color=&#8221;#ffffff&#8221; button_bg_color=&#8221;#e72b78&#8243; button_bg_enable_color=&#8221;on&#8221; button_bg_color__hover_enabled=&#8221;on|desktop&#8221; hover_enabled=&#8221;0&#8243; button_bg_color__hover=&#8221;#50535a&#8221; button_bg_enable_color__hover=&#8221;on&#8221; button_border_width=&#8221;0px&#8221; button_icon=&#8221;%%20%%&#8221; button_on_hover=&#8221;off&#8221; button_font=&#8221;|700||on|||||&#8221; custom_padding=&#8221;10px|30px|10px|20px|true|false&#8221; button_url=&#8221;https:\/\/www.speakart.it\/en\/blog\/&#8221; button_text_shadow_horizontal_length=&#8221;button_text_shadow_style,%91object Object%93&#8243; button_text_shadow_horizontal_length_tablet=&#8221;0px&#8221; button_text_shadow_vertical_length=&#8221;button_text_shadow_style,%91object Object%93&#8243; button_text_shadow_vertical_length_tablet=&#8221;0px&#8221; button_text_shadow_blur_strength=&#8221;button_text_shadow_style,%91object Object%93&#8243; button_text_shadow_blur_strength_tablet=&#8221;1px&#8221; box_shadow_horizontal_tablet=&#8221;0px&#8221; box_shadow_vertical_tablet=&#8221;0px&#8221; box_shadow_blur_tablet=&#8221;40px&#8221; box_shadow_spread_tablet=&#8221;0px&#8221; vertical_offset_tablet=&#8221;0&#8243; horizontal_offset_tablet=&#8221;0&#8243; z_index_tablet=&#8221;0&#8243; \/][\/et_pb_column][\/et_pb_row][\/et_pb_section]<\/p>\n","protected":false},"excerpt":{"rendered":"<p>Golden Lion for the Best National Participation at the 18. Biennale di Architettura in Venice for the project \u201cTerra (Earth)\u201d, presented at the national pavilion of Brazil by the curators Gabriela de Matos and Paulo Tavares.\u00a0 \u201cTerra\u201d explores how the past could inform the future, with a rereading of the national identity and indigenous and [&hellip;]<\/p>\n","protected":false},"author":12,"featured_media":23753,"comment_status":"closed","ping_status":"open","sticky":false,"template":"","format":"standard","meta":{"_et_pb_use_builder":"on","_et_pb_old_content":"","_et_gb_content_width":"","_monsterinsights_skip_tracking":false,"_monsterinsights_sitenote_active":false,"_monsterinsights_sitenote_note":"","_monsterinsights_sitenote_category":0,"footnotes":""},"categories":[2],"tags":[],"yoast_head":"<!-- This site is optimized with the Yoast SEO plugin v22.3 - https:\/\/yoast.com\/wordpress\/plugins\/seo\/ -->\n<title>Golden Lion for the Brazilian Pavilion at the Biennale Architettura 2023 - SpeakART<\/title>\n<meta name=\"robots\" content=\"index, follow, max-snippet:-1, max-image-preview:large, max-video-preview:-1\" \/>\n<link rel=\"canonical\" href=\"https:\/\/www.speakart.it\/en\/golden-lion-for-the-brazilian-pavilion-at-the-biennale-architettura-2023\/\" \/>\n<meta property=\"og:locale\" content=\"en_US\" \/>\n<meta property=\"og:type\" content=\"article\" \/>\n<meta property=\"og:title\" content=\"Golden Lion for the Brazilian Pavilion at the Biennale Architettura 2023 - SpeakART\" \/>\n<meta property=\"og:description\" content=\"Golden Lion for the Best National Participation at the 18. Biennale di Architettura in Venice for the project \u201cTerra (Earth)\u201d, presented at the national pavilion of Brazil by the curators Gabriela de Matos and Paulo Tavares.\u00a0 \u201cTerra\u201d explores how the past could inform the future, with a rereading of the national identity and indigenous and [&hellip;]\" \/>\n<meta property=\"og:url\" content=\"https:\/\/www.speakart.it\/en\/golden-lion-for-the-brazilian-pavilion-at-the-biennale-architettura-2023\/\" \/>\n<meta property=\"og:site_name\" content=\"SpeakART\" \/>\n<meta property=\"article:publisher\" content=\"https:\/\/www.facebook.com\/www.speakart.it\/\" \/>\n<meta property=\"article:published_time\" content=\"2023-05-22T09:12:49+00:00\" \/>\n<meta property=\"article:modified_time\" content=\"2023-05-22T09:15:55+00:00\" \/>\n<meta property=\"og:image\" content=\"https:\/\/www.www.speakart.it\/wp-content\/uploads\/2023\/05\/18mia_proposta-curatorial_gabriela-matos_-paulo-tavares-2048x1447-1-1536x1085-1-e1684746915266.jpeg\" \/>\n\t<meta property=\"og:image:width\" content=\"1536\" \/>\n\t<meta property=\"og:image:height\" content=\"1085\" \/>\n\t<meta property=\"og:image:type\" content=\"image\/jpeg\" \/>\n<meta name=\"author\" content=\"Sara Balloch\" \/>\n<meta name=\"twitter:card\" content=\"summary_large_image\" \/>\n<meta name=\"twitter:label1\" content=\"Written by\" \/>\n\t<meta name=\"twitter:data1\" content=\"Sara Balloch\" \/>\n\t<meta name=\"twitter:label2\" content=\"Est. reading time\" \/>\n\t<meta name=\"twitter:data2\" content=\"7 minutes\" \/>\n<script type=\"application\/ld+json\" class=\"yoast-schema-graph\">{\"@context\":\"https:\/\/schema.org\",\"@graph\":[{\"@type\":\"Article\",\"@id\":\"https:\/\/www.speakart.it\/en\/golden-lion-for-the-brazilian-pavilion-at-the-biennale-architettura-2023\/#article\",\"isPartOf\":{\"@id\":\"https:\/\/www.speakart.it\/en\/golden-lion-for-the-brazilian-pavilion-at-the-biennale-architettura-2023\/\"},\"author\":{\"name\":\"Sara Balloch\",\"@id\":\"https:\/\/www.www.speakart.it\/en\/#\/schema\/person\/a287c1b1fa417ea7b704e4943a81ddfb\"},\"headline\":\"Golden Lion for the Brazilian Pavilion at the Biennale Architettura 2023\",\"datePublished\":\"2023-05-22T09:12:49+00:00\",\"dateModified\":\"2023-05-22T09:15:55+00:00\",\"mainEntityOfPage\":{\"@id\":\"https:\/\/www.speakart.it\/en\/golden-lion-for-the-brazilian-pavilion-at-the-biennale-architettura-2023\/\"},\"wordCount\":1430,\"publisher\":{\"@id\":\"https:\/\/www.www.speakart.it\/en\/#organization\"},\"image\":{\"@id\":\"https:\/\/www.speakart.it\/en\/golden-lion-for-the-brazilian-pavilion-at-the-biennale-architettura-2023\/#primaryimage\"},\"thumbnailUrl\":\"https:\/\/www.speakart.it\/wp-content\/uploads\/2023\/05\/18mia_proposta-curatorial_gabriela-matos_-paulo-tavares-2048x1447-1-1536x1085-1-e1684746915266.jpeg\",\"articleSection\":[\"Blog\"],\"inLanguage\":\"en-US\"},{\"@type\":\"WebPage\",\"@id\":\"https:\/\/www.speakart.it\/en\/golden-lion-for-the-brazilian-pavilion-at-the-biennale-architettura-2023\/\",\"url\":\"https:\/\/www.speakart.it\/en\/golden-lion-for-the-brazilian-pavilion-at-the-biennale-architettura-2023\/\",\"name\":\"Golden Lion for the Brazilian Pavilion at the Biennale Architettura 2023 - SpeakART\",\"isPartOf\":{\"@id\":\"https:\/\/www.www.speakart.it\/en\/#website\"},\"primaryImageOfPage\":{\"@id\":\"https:\/\/www.speakart.it\/en\/golden-lion-for-the-brazilian-pavilion-at-the-biennale-architettura-2023\/#primaryimage\"},\"image\":{\"@id\":\"https:\/\/www.speakart.it\/en\/golden-lion-for-the-brazilian-pavilion-at-the-biennale-architettura-2023\/#primaryimage\"},\"thumbnailUrl\":\"https:\/\/www.speakart.it\/wp-content\/uploads\/2023\/05\/18mia_proposta-curatorial_gabriela-matos_-paulo-tavares-2048x1447-1-1536x1085-1-e1684746915266.jpeg\",\"datePublished\":\"2023-05-22T09:12:49+00:00\",\"dateModified\":\"2023-05-22T09:15:55+00:00\",\"breadcrumb\":{\"@id\":\"https:\/\/www.speakart.it\/en\/golden-lion-for-the-brazilian-pavilion-at-the-biennale-architettura-2023\/#breadcrumb\"},\"inLanguage\":\"en-US\",\"potentialAction\":[{\"@type\":\"ReadAction\",\"target\":[\"https:\/\/www.speakart.it\/en\/golden-lion-for-the-brazilian-pavilion-at-the-biennale-architettura-2023\/\"]}]},{\"@type\":\"ImageObject\",\"inLanguage\":\"en-US\",\"@id\":\"https:\/\/www.speakart.it\/en\/golden-lion-for-the-brazilian-pavilion-at-the-biennale-architettura-2023\/#primaryimage\",\"url\":\"https:\/\/www.speakart.it\/wp-content\/uploads\/2023\/05\/18mia_proposta-curatorial_gabriela-matos_-paulo-tavares-2048x1447-1-1536x1085-1-e1684746915266.jpeg\",\"contentUrl\":\"https:\/\/www.speakart.it\/wp-content\/uploads\/2023\/05\/18mia_proposta-curatorial_gabriela-matos_-paulo-tavares-2048x1447-1-1536x1085-1-e1684746915266.jpeg\",\"width\":1536,\"height\":1085},{\"@type\":\"BreadcrumbList\",\"@id\":\"https:\/\/www.speakart.it\/en\/golden-lion-for-the-brazilian-pavilion-at-the-biennale-architettura-2023\/#breadcrumb\",\"itemListElement\":[{\"@type\":\"ListItem\",\"position\":1,\"name\":\"Home\",\"item\":\"https:\/\/www.speakart.it\/en\/\"},{\"@type\":\"ListItem\",\"position\":2,\"name\":\"Golden Lion for the Brazilian Pavilion at the Biennale Architettura 2023\"}]},{\"@type\":\"WebSite\",\"@id\":\"https:\/\/www.www.speakart.it\/en\/#website\",\"url\":\"https:\/\/www.www.speakart.it\/en\/\",\"name\":\"SpeakART\",\"description\":\"SpeakART\",\"publisher\":{\"@id\":\"https:\/\/www.www.speakart.it\/en\/#organization\"},\"potentialAction\":[{\"@type\":\"SearchAction\",\"target\":{\"@type\":\"EntryPoint\",\"urlTemplate\":\"https:\/\/www.www.speakart.it\/en\/?s={search_term_string}\"},\"query-input\":\"required name=search_term_string\"}],\"inLanguage\":\"en-US\"},{\"@type\":\"Organization\",\"@id\":\"https:\/\/www.www.speakart.it\/en\/#organization\",\"name\":\"SpeakART\",\"url\":\"https:\/\/www.www.speakart.it\/en\/\",\"logo\":{\"@type\":\"ImageObject\",\"inLanguage\":\"en-US\",\"@id\":\"https:\/\/www.www.speakart.it\/en\/#\/schema\/logo\/image\/\",\"url\":\"https:\/\/www.speakart.it\/wp-content\/uploads\/2020\/07\/SpeakART-logo.svg\",\"contentUrl\":\"https:\/\/www.speakart.it\/wp-content\/uploads\/2020\/07\/SpeakART-logo.svg\",\"width\":1,\"height\":1,\"caption\":\"SpeakART\"},\"image\":{\"@id\":\"https:\/\/www.www.speakart.it\/en\/#\/schema\/logo\/image\/\"},\"sameAs\":[\"https:\/\/www.facebook.com\/www.speakart.it\/\",\"https:\/\/www.instagram.com\/www.speakart.it\/\",\"https:\/\/www.linkedin.com\/company\/11265198\/admin\/\"]},{\"@type\":\"Person\",\"@id\":\"https:\/\/www.www.speakart.it\/en\/#\/schema\/person\/a287c1b1fa417ea7b704e4943a81ddfb\",\"name\":\"Sara Balloch\",\"image\":{\"@type\":\"ImageObject\",\"inLanguage\":\"en-US\",\"@id\":\"https:\/\/www.www.speakart.it\/en\/#\/schema\/person\/image\/\",\"url\":\"https:\/\/secure.gravatar.com\/avatar\/d9619f6c04b14a5170eb0d1282343326?s=96&d=mm&r=g\",\"contentUrl\":\"https:\/\/secure.gravatar.com\/avatar\/d9619f6c04b14a5170eb0d1282343326?s=96&d=mm&r=g\",\"caption\":\"Sara Balloch\"}}]}<\/script>\n<!-- \/ Yoast SEO plugin. -->","yoast_head_json":{"title":"Golden Lion for the Brazilian Pavilion at the Biennale Architettura 2023 - SpeakART","robots":{"index":"index","follow":"follow","max-snippet":"max-snippet:-1","max-image-preview":"max-image-preview:large","max-video-preview":"max-video-preview:-1"},"canonical":"https:\/\/www.speakart.it\/en\/golden-lion-for-the-brazilian-pavilion-at-the-biennale-architettura-2023\/","og_locale":"en_US","og_type":"article","og_title":"Golden Lion for the Brazilian Pavilion at the Biennale Architettura 2023 - SpeakART","og_description":"Golden Lion for the Best National Participation at the 18. Biennale di Architettura in Venice for the project \u201cTerra (Earth)\u201d, presented at the national pavilion of Brazil by the curators Gabriela de Matos and Paulo Tavares.\u00a0 \u201cTerra\u201d explores how the past could inform the future, with a rereading of the national identity and indigenous and [&hellip;]","og_url":"https:\/\/www.speakart.it\/en\/golden-lion-for-the-brazilian-pavilion-at-the-biennale-architettura-2023\/","og_site_name":"SpeakART","article_publisher":"https:\/\/www.facebook.com\/www.speakart.it\/","article_published_time":"2023-05-22T09:12:49+00:00","article_modified_time":"2023-05-22T09:15:55+00:00","og_image":[{"width":1536,"height":1085,"url":"https:\/\/www.www.speakart.it\/wp-content\/uploads\/2023\/05\/18mia_proposta-curatorial_gabriela-matos_-paulo-tavares-2048x1447-1-1536x1085-1-e1684746915266.jpeg","type":"image\/jpeg"}],"author":"Sara Balloch","twitter_card":"summary_large_image","twitter_misc":{"Written by":"Sara Balloch","Est. reading time":"7 minutes"},"schema":{"@context":"https:\/\/schema.org","@graph":[{"@type":"Article","@id":"https:\/\/www.speakart.it\/en\/golden-lion-for-the-brazilian-pavilion-at-the-biennale-architettura-2023\/#article","isPartOf":{"@id":"https:\/\/www.speakart.it\/en\/golden-lion-for-the-brazilian-pavilion-at-the-biennale-architettura-2023\/"},"author":{"name":"Sara Balloch","@id":"https:\/\/www.www.speakart.it\/en\/#\/schema\/person\/a287c1b1fa417ea7b704e4943a81ddfb"},"headline":"Golden Lion for the Brazilian Pavilion at the Biennale Architettura 2023","datePublished":"2023-05-22T09:12:49+00:00","dateModified":"2023-05-22T09:15:55+00:00","mainEntityOfPage":{"@id":"https:\/\/www.speakart.it\/en\/golden-lion-for-the-brazilian-pavilion-at-the-biennale-architettura-2023\/"},"wordCount":1430,"publisher":{"@id":"https:\/\/www.www.speakart.it\/en\/#organization"},"image":{"@id":"https:\/\/www.speakart.it\/en\/golden-lion-for-the-brazilian-pavilion-at-the-biennale-architettura-2023\/#primaryimage"},"thumbnailUrl":"https:\/\/www.speakart.it\/wp-content\/uploads\/2023\/05\/18mia_proposta-curatorial_gabriela-matos_-paulo-tavares-2048x1447-1-1536x1085-1-e1684746915266.jpeg","articleSection":["Blog"],"inLanguage":"en-US"},{"@type":"WebPage","@id":"https:\/\/www.speakart.it\/en\/golden-lion-for-the-brazilian-pavilion-at-the-biennale-architettura-2023\/","url":"https:\/\/www.speakart.it\/en\/golden-lion-for-the-brazilian-pavilion-at-the-biennale-architettura-2023\/","name":"Golden Lion for the Brazilian Pavilion at the Biennale Architettura 2023 - SpeakART","isPartOf":{"@id":"https:\/\/www.www.speakart.it\/en\/#website"},"primaryImageOfPage":{"@id":"https:\/\/www.speakart.it\/en\/golden-lion-for-the-brazilian-pavilion-at-the-biennale-architettura-2023\/#primaryimage"},"image":{"@id":"https:\/\/www.speakart.it\/en\/golden-lion-for-the-brazilian-pavilion-at-the-biennale-architettura-2023\/#primaryimage"},"thumbnailUrl":"https:\/\/www.speakart.it\/wp-content\/uploads\/2023\/05\/18mia_proposta-curatorial_gabriela-matos_-paulo-tavares-2048x1447-1-1536x1085-1-e1684746915266.jpeg","datePublished":"2023-05-22T09:12:49+00:00","dateModified":"2023-05-22T09:15:55+00:00","breadcrumb":{"@id":"https:\/\/www.speakart.it\/en\/golden-lion-for-the-brazilian-pavilion-at-the-biennale-architettura-2023\/#breadcrumb"},"inLanguage":"en-US","potentialAction":[{"@type":"ReadAction","target":["https:\/\/www.speakart.it\/en\/golden-lion-for-the-brazilian-pavilion-at-the-biennale-architettura-2023\/"]}]},{"@type":"ImageObject","inLanguage":"en-US","@id":"https:\/\/www.speakart.it\/en\/golden-lion-for-the-brazilian-pavilion-at-the-biennale-architettura-2023\/#primaryimage","url":"https:\/\/www.speakart.it\/wp-content\/uploads\/2023\/05\/18mia_proposta-curatorial_gabriela-matos_-paulo-tavares-2048x1447-1-1536x1085-1-e1684746915266.jpeg","contentUrl":"https:\/\/www.speakart.it\/wp-content\/uploads\/2023\/05\/18mia_proposta-curatorial_gabriela-matos_-paulo-tavares-2048x1447-1-1536x1085-1-e1684746915266.jpeg","width":1536,"height":1085},{"@type":"BreadcrumbList","@id":"https:\/\/www.speakart.it\/en\/golden-lion-for-the-brazilian-pavilion-at-the-biennale-architettura-2023\/#breadcrumb","itemListElement":[{"@type":"ListItem","position":1,"name":"Home","item":"https:\/\/www.speakart.it\/en\/"},{"@type":"ListItem","position":2,"name":"Golden Lion for the Brazilian Pavilion at the Biennale Architettura 2023"}]},{"@type":"WebSite","@id":"https:\/\/www.www.speakart.it\/en\/#website","url":"https:\/\/www.www.speakart.it\/en\/","name":"SpeakART","description":"SpeakART","publisher":{"@id":"https:\/\/www.www.speakart.it\/en\/#organization"},"potentialAction":[{"@type":"SearchAction","target":{"@type":"EntryPoint","urlTemplate":"https:\/\/www.www.speakart.it\/en\/?s={search_term_string}"},"query-input":"required name=search_term_string"}],"inLanguage":"en-US"},{"@type":"Organization","@id":"https:\/\/www.www.speakart.it\/en\/#organization","name":"SpeakART","url":"https:\/\/www.www.speakart.it\/en\/","logo":{"@type":"ImageObject","inLanguage":"en-US","@id":"https:\/\/www.www.speakart.it\/en\/#\/schema\/logo\/image\/","url":"https:\/\/www.speakart.it\/wp-content\/uploads\/2020\/07\/SpeakART-logo.svg","contentUrl":"https:\/\/www.speakart.it\/wp-content\/uploads\/2020\/07\/SpeakART-logo.svg","width":1,"height":1,"caption":"SpeakART"},"image":{"@id":"https:\/\/www.www.speakart.it\/en\/#\/schema\/logo\/image\/"},"sameAs":["https:\/\/www.facebook.com\/www.speakart.it\/","https:\/\/www.instagram.com\/www.speakart.it\/","https:\/\/www.linkedin.com\/company\/11265198\/admin\/"]},{"@type":"Person","@id":"https:\/\/www.www.speakart.it\/en\/#\/schema\/person\/a287c1b1fa417ea7b704e4943a81ddfb","name":"Sara Balloch","image":{"@type":"ImageObject","inLanguage":"en-US","@id":"https:\/\/www.www.speakart.it\/en\/#\/schema\/person\/image\/","url":"https:\/\/secure.gravatar.com\/avatar\/d9619f6c04b14a5170eb0d1282343326?s=96&d=mm&r=g","contentUrl":"https:\/\/secure.gravatar.com\/avatar\/d9619f6c04b14a5170eb0d1282343326?s=96&d=mm&r=g","caption":"Sara Balloch"}}]}},"_links":{"self":[{"href":"https:\/\/www.speakart.it\/en\/wp-json\/wp\/v2\/posts\/23755"}],"collection":[{"href":"https:\/\/www.speakart.it\/en\/wp-json\/wp\/v2\/posts"}],"about":[{"href":"https:\/\/www.speakart.it\/en\/wp-json\/wp\/v2\/types\/post"}],"author":[{"embeddable":true,"href":"https:\/\/www.speakart.it\/en\/wp-json\/wp\/v2\/users\/12"}],"replies":[{"embeddable":true,"href":"https:\/\/www.speakart.it\/en\/wp-json\/wp\/v2\/comments?post=23755"}],"version-history":[{"count":2,"href":"https:\/\/www.speakart.it\/en\/wp-json\/wp\/v2\/posts\/23755\/revisions"}],"predecessor-version":[{"id":23757,"href":"https:\/\/www.speakart.it\/en\/wp-json\/wp\/v2\/posts\/23755\/revisions\/23757"}],"wp:featuredmedia":[{"embeddable":true,"href":"https:\/\/www.speakart.it\/en\/wp-json\/wp\/v2\/media\/23753"}],"wp:attachment":[{"href":"https:\/\/www.speakart.it\/en\/wp-json\/wp\/v2\/media?parent=23755"}],"wp:term":[{"taxonomy":"category","embeddable":true,"href":"https:\/\/www.speakart.it\/en\/wp-json\/wp\/v2\/categories?post=23755"},{"taxonomy":"post_tag","embeddable":true,"href":"https:\/\/www.speakart.it\/en\/wp-json\/wp\/v2\/tags?post=23755"}],"curies":[{"name":"wp","href":"https:\/\/api.w.org\/{rel}","templated":true}]}}